{"id":191658,"date":"2026-09-03T00:00:00","date_gmt":"2026-09-02T22:00:00","guid":{"rendered":"https:\/\/www.bcfi.be\/nouveautes-medicaments-septembre-2026\/"},"modified":"2026-09-03T00:00:00","modified_gmt":"2026-09-02T22:00:00","slug":"nouveautes-medicaments-septembre-2026","status":"publish","type":"post","link":"https:\/\/www.cbip.be\/fr\/nouveautes-medicaments-septembre-2026\/","title":{"rendered":"Nouveaut\u00e9s m\u00e9dicaments septembre 2026"},"content":{"rendered":"<div class='summary'><span class='new-molecules-small'>.<\/span><span class='folia-samenvatting-tekst'><strong>Nouvelles formes<\/strong><\/span><br \/><span class='folia-samenvatting-tekst'>&nbsp; &nbsp; \u2022 <\/span><a href='#ani'><span class='folia-samenvatting-tekst'>anifrolumab (Saphnelo\u00ae) : lupus \u00e9ryth\u00e9mateux syst\u00e9mique<\/span><\/a><br \/><span class='folia-samenvatting-tekst'>&nbsp; &nbsp; \u2022 <\/span><a href='#bim'><span class='folia-samenvatting-tekst'>bimatoprost gel (Elymbus\u00ae) : glaucome et hypertension intra-oculaire<\/span><\/a><br \/><span class='new-molecules-small'>.<\/span><span class='folia-samenvatting-tekst'><strong>Nouveaux dosages<\/strong><\/span><br \/><span class='folia-samenvatting-tekst'>&nbsp; &nbsp; \u2022 <\/span><a href='#col'><span class='folia-samenvatting-tekst'>col\u00e9calcif\u00e9rol en gtts \u00e0 14 400UI\/1ml (Vitamine D Will\u00ae<\/span><\/a> <span class='mp-kidney-s'>.<\/span><a href='#col'><span class='folia-samenvatting-tekst'>) : carence en vitamine D et compl\u00e9ment au traitement de l\u2019ost\u00e9oporose<\/span><\/a><br \/><span class='folia-samenvatting-tekst'>&nbsp; &nbsp; \u2022 <\/span><a href='#peg'><span class='folia-samenvatting-tekst'>(peg)interf\u00e9ron alfa-2a 90 et 135 \u00b5g (Pegasys\u00ae<\/span><\/a> <span class='mp-kidney-s'>.<\/span><a href='#peg'><span class='folia-samenvatting-tekst'>) : polyglobulie de Vaquez&#x002C; thrombocyt\u00e9mie essentielle et h\u00e9patite B et C chroniques<\/span><\/a><br \/><span class='folia-samenvatting-tekst'>&nbsp; &nbsp; \u2022 S<\/span><a href='#sac'><span class='folia-samenvatting-tekst'>accharomyces boulardii (Enterol Forte\u00ae) : pr\u00e9vention de la diarrh\u00e9e<\/span><\/a><a href='#mar'><span class='folia-samenvatting-tekst'>&nbsp;<\/span><\/a><br \/><strong>Changements dans les indications<\/strong><br \/><span class='folia-samenvatting-tekst'>&nbsp; &nbsp; \u2022 <\/span><a href='#gle'><span class='folia-samenvatting-tekst'>gl\u00e9capr\u00e9vir+pibrentasvir (Maviret\u00ae) : infection aigu\u00eb par le virus de l\u2019h\u00e9patite C<\/span><\/a><br \/><span class='folia-samenvatting-tekst'>&nbsp; &nbsp; \u2022 <\/span><a href='#rux'><span class='folia-samenvatting-tekst'>ruxolitinib cutan\u00e9 (Opzelura\u00ae) : dermatite atopique mod\u00e9r\u00e9e<\/span><\/a><a href='#mar'><span class='folia-samenvatting-tekst'>&nbsp;<\/span><\/a><br \/><span class='folia-samenvatting-tekst'>&nbsp; &nbsp; \u2022 <\/span><a href='#upa'><span class='folia-samenvatting-tekst'>upadacitinib (Rinvoq\u00ae): pelade s\u00e9v\u00e8re et vitiligo non segmentaire<\/span><\/a><a href='#cap'><span class='folia-samenvatting-tekst'>&nbsp;<\/span><\/a><\/div>\n<div class='summary'><span class='bt'>&nbsp;<\/span><span class='folia-samenvatting-tekst'>: <\/span>m\u00e9dicaments soumis \u00e0 une surveillance particuli\u00e8re et pour lesquels la <a href='https:\/\/www.afmps.be\/fr\/notifier_un_effet_indesirable_en_tant_que_professionnel_de_la_sante'>notification d\u2019effets ind\u00e9sirables<\/a> au Centre Belge de Pharmacovigilance est encourag\u00e9e (entre autres m\u00e9dicaments contenant un nouveau principe actif&#x002C; m\u00e9dicaments biologiques).<br \/><span class='ot'>&nbsp;<\/span> : m\u00e9dicaments pour lesquels des proc\u00e9dures additionnelles de minimisation des risques (<i>Risk Minimization Activities<\/i>&nbsp;: RMA) ont \u00e9t\u00e9 impos\u00e9es par l\u2019autorit\u00e9 qui d\u00e9livre l\u2019autorisation de mise sur le march\u00e9 (voir <a href='https:\/\/www.cbip.be\/fr\/articles\/2307?folia=2260'>Folia mars 2015<\/a>)&#x002C; telles que du mat\u00e9riel \u00e9ducatif ou des brochures.<br \/><span class='mp-kidney-s'>&nbsp;<\/span> : contre-indication ou r\u00e9duction de dose en cas d\u2019insuffisance r\u00e9nale s\u00e9v\u00e8re (clairance de la cr\u00e9atinine entre 30 et 15 ml\/min\/1&#x002C;73m<sup>2<\/sup>).<br \/><span class='mp-kidney-m'>&nbsp;<\/span> : contre-indication ou r\u00e9duction de dose d\u00e9j\u00e0 en cas d\u2019insuffisance r\u00e9nale mod\u00e9r\u00e9e (clairance de la cr\u00e9atinine inf\u00e9rieure ou \u00e9gale \u00e0 60 ml\/min\/1&#x002C;73m<sup>2<\/sup>)&#x002C; ou en cas d&rsquo;insuffisance r\u00e9nale sans pr\u00e9cision du degr\u00e9 de s\u00e9v\u00e9rit\u00e9.<\/div>\n<p>Les actualit\u00e9s m\u00e9dicamenteuses de ce mois prennent en compte les changements port\u00e9s \u00e0 notre connaissance jusqu\u2019au 28 ao\u00fbt. Les modifications signal\u00e9es apr\u00e8s cette date seront reprises dans les Weekly Folia du mois d\u2019octobre.<br \/>&nbsp;<br \/>Les textes du R\u00e9pertoire concernant ces actualit\u00e9s seront mis \u00e0 jour \u00e0 la date du 18 septembre.<\/p>\n<h2><a class='section' id='new-molecules-small'><span class='new-molecules-small'>&nbsp;<\/span><\/a> Nouvelles formes<\/h2>\n<h3><a class='bcfi-anchor' data-type='molecule' id='ani' name='ani'>&nbsp;<\/a>&nbsp;anifrolumab (Saphnelo\u00ae)<\/h3>\n<p>L\u2019anifrolumab (<a href='https:\/\/www.cbip.be\/fr\/chapters\/13?frag=8903916'><u>Saphnelo\u00ae<\/u><\/a>&#x002C; administration sous-cutan\u00e9e \u00e0 domicile&#x002C; d\u00e9livrance hospitali\u00e8re) est d\u00e9sormais commercialis\u00e9 sous forme de stylo pr\u00e9-rempli. Il a pour indication&#x002C; chez les adultes&#x002C; le traitement additionnel du lupus \u00e9ryth\u00e9mateux syst\u00e9mique mod\u00e9r\u00e9 \u00e0 s\u00e9v\u00e8re&#x002C; actif avec pr\u00e9sence d\u2019anticorps malgr\u00e9 un traitement standard (synth\u00e8se du RCP).<span class='folia-referentie-note'>1<\/span><br \/>Le patient peut s\u2019auto-injecter l\u2019anifrolumab en stylo pr\u00e9-rempli apr\u00e8s avoir suivi une formation.<br \/>L\u2019anifrolumab \u00e9tait d\u00e9j\u00e0 disponible pour la m\u00eame indication mais via administration intraveineuse.<\/p>\n<p><strong>Posologie :<\/strong> 1 dose de 120 mg\/semaine.<\/p>\n<p><strong>Co\u00fbt :<\/strong> 816\u20ac&#x002C; non rembours\u00e9 (situation au 1<sup>er<\/sup> septembre 2026).<\/p>\n<h3><a class='bcfi-anchor' data-type='molecule' id='bim' name='bim'>&nbsp;<\/a>&nbsp;bimatoprost gel (Elymbus\u00ae)<\/h3>\n<p>Le bimatoprost (<a href='https:\/\/www.cbip.be\/fr\/chapters\/17?frag=18507'><u>Elymbus\u00ae<\/u><\/a>) est d\u00e9sormais commercialis\u00e9 sous forme de gel ophtalmique sans conservateur en unidoses. Il a pour indications le traitement du glaucome chronique \u00e0 angle ouvert ainsi que le traitement de l\u2019hypertension oculaire chez l\u2019adulte (synth\u00e8se du RCP).<span class='folia-referentie-note'>1<\/span><br \/>Le bimatoprost existait d\u00e9j\u00e0 pour les m\u00eames indications sous forme de collyre.<br \/>Le bimatoprost en gel semble aussi efficace que le bimatoprost en collyre \u00e0 0&#x002C;1mg\/ml contenant un conservateur. La formulation sans conservateur est destin\u00e9e aux patients qui pr\u00e9sentent des rougeurs&#x002C; br\u00fblures ou s\u00e9cheresse oculaire.<\/p>\n<p><strong>Posologie :<\/strong> 1 goutte\/jour le soir dans l\u2019\u0153il atteint.<\/p>\n<p><strong>Co\u00fbt :<\/strong> 26&#x002C;50\u20ac pour 30 unidoses&#x002C; non rembours\u00e9 (situation au 1<sup>er<\/sup> septembre 2026).<br \/>&nbsp;<\/p>\n<h2><a class='section' id='new-molecules-small'><span class='new-molecules-small'>&nbsp;<\/span><\/a> Nouveaut\u00e9s dosages<\/h2>\n<h3><a class='bcfi-anchor' data-type='molecule' id='col' name='col'>&nbsp;<\/a>&nbsp;col\u00e9calcif\u00e9rol en gtts \u00e0 14 400UI\/1ml (Vitamine D Will\u00ae <span class='mp-kidney-s'>.<\/span>)<\/h3>\n<p>Le col\u00e9calcif\u00e9rol en gouttes (<a href='https:\/\/www.cbip.be\/fr\/chapters\/15?frag=13706'><u>Vitamine D Will\u00ae<\/u><\/a> <span class='mp-kidney-s'>.<\/span>&#x002C; voie orale) est d\u00e9sormais commercialis\u00e9 \u00e0 un nouveau dosage de 14 400 UI\/1ml. Il a pour indications le traitement et la pr\u00e9vention de la carence en vitamine D chez les enfants&#x002C; adolescents et adultes (synth\u00e8se du RCP).<span class='folia-referentie-note'>1<\/span> Il est \u00e9galement utilis\u00e9 en compl\u00e9ment d\u2019un traitement de l\u2019ost\u00e9oporose. Une goutte contient 400 UI.<br \/>Sur base de plusieurs \u00e9tudes&#x002C; il n&rsquo;y a pas d\u2019arguments&#x002C; \u00e0 ce jour&#x002C; pour recommander chez l\u2019adulte une suppl\u00e9mentation en vitamine D en dehors des groupes \u00e0 risque (femmes enceintes et personnes \u00e2g\u00e9es)&#x002C; voir <a href='https:\/\/www.cbip.be\/fr\/chapters\/15?frag=13664'><u>14.2.1.2. Vitamine D et d\u00e9riv\u00e9s<\/u><\/a>.<\/p>\n<p><strong>Co\u00fbt :<\/strong> 14&#x002C;99\u20ac&#x002C; non rembours\u00e9 (situation au 1<sup>er<\/sup> septembre 2026).<\/p>\n<h3><a class='bcfi-anchor' data-type='molecule' id='peg' name='peg'>&nbsp;<\/a>&nbsp;(peg)interf\u00e9ron alfa-2a (Pegasys\u00ae 90 et 135 \u00b5g\u00ae <span class='mp-kidney-s'>.<\/span>)<\/h3>\n<p>Le (peg)interf\u00e9ron alfa-2a (<a href='https:\/\/www.cbip.be\/fr\/chapters\/13?frag=28464&amp;trade_family=21071'><u>Pegasys\u00ae<\/u><\/a> <span class='mp-kidney-s'>.<\/span>)&#x002C; un immunomodulateur \u00e0 administration sous-cutan\u00e9e pour utilisation \u00e0 domicile&#x002C; existe maintenant aux dosages de 90 et 135 \u00b5g.&nbsp;<br \/>Ces nouveaux dosages permettent plus facilement d\u2019obtenir la dose souhait\u00e9e pour le traitement de la polyglobulie de Vaquez et la thrombocyt\u00e9mie essentielle chez l\u2019adulte&#x002C; ainsi que le traitement des h\u00e9patites B et C chroniques chez l\u2019enfant.<span class='folia-referentie-note'>1<\/span><\/p>\n<p><strong>Co\u00fbt :<\/strong> 158&#x002C;75\u20ac pour 90 \u00b5g et 200&#x002C;62\u20ac pour 135 \u00b5g&#x002C; non rembours\u00e9 (situation au 1er septembre 2026).<\/p>\n<h3><a class='bcfi-anchor' data-type='molecule' id='sac' name='sac'>&nbsp;<\/a>&nbsp;Saccharomyces boulardii (Enterol Forte\u00ae )<\/h3>\n<p>Un nouveau dosage de Saccharomyces boulardii \u00e0 500 mg (Enterol Forte\u00ae&#x002C; voie orale) est d\u00e9sormais commercialis\u00e9. Il s\u2019agit d\u2019un probiotique ayant pour indication la pr\u00e9vention de la diarrh\u00e9e associ\u00e9e \u00e0 une antibioth\u00e9rapie chez les patients pr\u00e9dispos\u00e9s \u00e0 une diarrh\u00e9e par <i>Clostridium difficile<\/i> (synth\u00e8se du RCP).<span class='folia-referentie-note'>1<\/span><br \/>Bien que leur r\u00f4le ne soit pas clairement \u00e9tabli&#x002C; certaines donn\u00e9es sugg\u00e8rent un int\u00e9r\u00eat des probiotiques dans la pr\u00e9vention des diarrh\u00e9es \u00e0 <i>Clostridium difficile<\/i>&#x002C; voir <a href='https:\/\/www.cbip.be\/fr\/chapters\/4?frag=3335'><u>3.6.2. Probiotiques et postbiotiques<\/u><\/a>.<\/p>\n<p><strong>Posologie :<\/strong> 1 sachet 2x\/jour.&nbsp;<\/p>\n<p><strong>Co\u00fbt :<\/strong> 23&#x002C;30\u20ac pour 14 sachets&#x002C; non rembours\u00e9.<\/p>\n<p>&nbsp;<\/p>\n<h2><a class='section' id='andere'>&nbsp;<\/a> Changements dans les indications&nbsp;<\/h2>\n<h3><a class='bcfi-anchor' data-type='molecule' id='gle' name='gle'>&nbsp;<\/a>gl\u00e9capr\u00e9vir + pibrentasvir (Maviret\u00ae)<\/h3>\n<p>L\u2019association de gl\u00e9capr\u00e9vir + pibrentasvir (<a href='https:\/\/www.cbip.be\/fr\/chapters\/12?frag=28431'><u>Maviret\u00ae<\/u><\/a>&#x002C; voie orale) a re\u00e7u une extension d\u2019indication pour le traitement de l\u2019infection <strong>aigu\u00eb<\/strong> par le virus de l\u2019h\u00e9patite C d\u00e8s l\u2019\u00e2ge de 3 ans (synth\u00e8se du RCP).<span class='folia-referentie-note'>1<\/span> Il avait d\u00e9j\u00e0 pour indication le traitement de l\u2019infection chronique par le virus de l\u2019h\u00e9patite C.<\/p>\n<p><strong>Co\u00fbt :<\/strong> 2130&#x002C;20 \u20ac pour 28 sachets (non rembours\u00e9) ou 12 720 \u20ac pour 84 comprim\u00e9s (non rembours\u00e9 pour l\u2019infection aigu\u00eb&#x002C; rembours\u00e9 en cat\u00e9gorie &nbsp;<span class='ssecr-fb4'>.<\/span> pour le traitement de l\u2019infection chronique)&#x002C; voir <a href='https:\/\/h.cbip.be\/fr\/ampps\/154716?cat=fb'><u>conditions et remboursement<\/u><\/a> (situation au 1er septembre 2026).<br \/>&nbsp;<\/p>\n<h3><a class='bcfi-anchor' data-type='molecule' id='rux' name='rux'>&nbsp;<\/a>ruxolitinib cutan\u00e9 (Opzelura\u00ae)<\/h3>\n<p>Le ruxolitinib cutan\u00e9 (<a href='https:\/\/www.cbip.be\/fr\/chapters\/16?frag=8906349'><u>Opzelura\u00ae<\/u><\/a>&#x002C; application cutan\u00e9e&#x002C; d\u00e9livrance hospitali\u00e8re) a re\u00e7u une extension d\u2019indication dans le traitement de la dermatite atopique mod\u00e9r\u00e9e chez les adultes pour lesquels les corticost\u00e9ro\u00efdes topiques et les inhibiteurs de la calcineurine topiques sont inad\u00e9quats ou inadapt\u00e9s (synth\u00e8se du RCP).<span class='folia-referentie-note'>1<\/span>&nbsp;Il avait d\u00e9j\u00e0 pour indication le traitement du vitiligo non segmentaire \u00e0 partir de l\u2019\u00e2ge de 12 ans.<br \/>Le ruxolitinib cutan\u00e9 a montr\u00e9 une efficacit\u00e9 statistiquement et cliniquement significative&#x002C; avec environ 70 % des patients atteignant une r\u00e9duction d\u2019au moins 75 % de la s\u00e9v\u00e9rit\u00e9 de la maladie apr\u00e8s 8 semaines&#x002C; contre 19 % avec le placebo. Une am\u00e9lioration significative du prurit a \u00e9galement \u00e9t\u00e9 observ\u00e9e.<\/p>\n<p><strong>Co\u00fbt :<\/strong> 739 \u20ac&#x002C; non rembours\u00e9 pour le traitement de la dermatite atopique. Rembours\u00e9 dans le traitement du vitiligo en cat\u00e9gorie &nbsp;<span class='ssecr-fb4'>.<\/span> &#x002C; voir <a href='https:\/\/a.cbip.be\/fr\/ampps\/201103?cat=fb'><u>conditions et remboursement<\/u><\/a> (situation au 1<sup>er<\/sup> septembre 2026).<br \/>&nbsp;<\/p>\n<h3><a class='bcfi-anchor' data-type='molecule' id='upa' name='upa'>&nbsp;<\/a>upadacitinib (Rinvoq\u00ae)<\/h3>\n<p>L\u2019upadacitinib (<a href='https:\/\/www.cbip.be\/fr\/chapters\/13?frag=8901118'><u>Rinvoq\u00ae<\/u><\/a>&#x002C; voie orale) a re\u00e7u une extension d\u2019indication pour le traitement de la <strong>pelade s\u00e9v\u00e8re<\/strong> d\u00e8s l\u2019\u00e2ge de 12 ans. Il a \u00e9galement re\u00e7u une extension d\u2019indication dans le traitement du <strong>vitiligo non segmentaire<\/strong> chez les adultes et enfants d\u00e8s l\u2019\u00e2ge de 12 ans qui n\u00e9cessitent un traitement syst\u00e9mique (synth\u00e8se du RCP).<span class='folia-referentie-note'>1<\/span><br \/>Il a d\u00e9j\u00e0 pour indications le traitement de certains types d\u2019arthrite&#x002C; de la dermatite atopique&#x002C; de la rectocolite h\u00e9morragique&#x002C; de la maladie de Crohn et de l\u2019art\u00e9rite \u00e0 cellules g\u00e9antes.<\/p>\n<p><strong>Co\u00fbt :<\/strong> <span style='font-family:&quot;Calibri&quot;&#x002C;sans-serif;font-size:12.0pt;line-height:150%;' lang='FR-BE'>de 822&#x002C;46\u20ac \u00e0 3401&#x002C;28\u20ac en fonction du dosage et du conditionnement. Non rembours\u00e9 pour ces 2 nouvelles indications (situation au 1<sup>er<\/sup> septembre 2026).&nbsp;<\/span><br \/>&nbsp;<\/p>\n<h2><span style='font-family:;' lang='FR-BE'>Sources<\/span><\/h2>\n<p><span style='font-family:;' lang='FR-BE'>En plus des sources g\u00e9n\u00e9rales consult\u00e9es syst\u00e9matiquement par le CBIP (British Medical Journal&#x002C; New England Journal of Medicine&#x002C; Annals of Internal Medicine&#x002C; The Lancet&#x002C; JAMA&#x002C; Drug &amp; Therapeutic Bulletin&#x002C; GeBu&#x002C; La Revue Prescrire&#x002C; Australian Prescriber)&#x002C; pour \u00e9crire les articles \u00ab nouveaut\u00e9s m\u00e9dicamenteuses \u00bb&#x002C; les sources suivantes sont consult\u00e9es : RCP et dossier d\u2019\u00e9valuation \u00e0 l\u2019EMA (EPAR) du produit&#x002C; The Medical Letter&#x002C; NEJM Journal Watch.<\/span><\/p>\n<p>&nbsp;<\/p>\n<h2><span style='font-family:;' lang='FR-BE'>Sources sp\u00e9cifiques<\/span><\/h2>\n<h3>anifrolumab<\/h3>\n<p><span class='folia-referentie-nummer folia-referentie-tekst' style='font-family:;' lang='FR-BE'>1<\/span><span class='folia-referentie-tekst' style='font-family:;' lang='FR-BE'>. Saphnelo\u00ae. R\u00e9sum\u00e9 des Caract\u00e9ristiques du Produit. Consult\u00e9 le 21 ao\u00fbt 2026<\/span><\/p>\n<h3>bimatoprost gel<\/h3>\n<p><span class='folia-referentie-nummer folia-referentie-tekst' style='font-family:;' lang='FR-BE'>1<\/span><span class='folia-referentie-tekst' style='font-family:;' lang='FR-BE'>. Elymbus\u00ae. R\u00e9sum\u00e9 des Caract\u00e9ristiques du Produit. Consult\u00e9 le 28 ao\u00fbt 2026.<\/span><\/p>\n<h3>col\u00e9calcif\u00e9rol en gtts \u00e0 14 400UI\/1ml<\/h3>\n<p><span class='folia-referentie-nummer folia-referentie-tekst' style='font-family:;' lang='FR-BE'>1<\/span><span class='folia-referentie-tekst' style='font-family:;' lang='FR-BE'>. Vitamine D Will\u00ae. R\u00e9sum\u00e9 des Caract\u00e9ristiques du Produit. Consult\u00e9 le 28 ao\u00fbt 2026.<\/span><\/p>\n<h3>(peg) interf\u00e9ron alfa-2a<\/h3>\n<p><span class='folia-referentie-nummer folia-referentie-tekst' style='font-family:;' lang='FR-BE'>1<\/span><span class='folia-referentie-tekst' style='font-family:;' lang='FR-BE'>. Pegasys\u00ae. R\u00e9sum\u00e9 des Caract\u00e9ristiques du Produit. Consult\u00e9 le 21 ao\u00fbt 2026.<\/span><\/p>\n<h3>Saccharomyces boulardii<\/h3>\n<p><span class='folia-referentie-nummer folia-referentie-tekst' style='font-family:;' lang='FR-BE'>1<\/span><span class='folia-referentie-tekst' style='font-family:;' lang='FR-BE'>. Enterol Forte\u00ae. R\u00e9sum\u00e9 des Caract\u00e9ristiques du Produit. Consult\u00e9 le 19 ao\u00fbt 2026.<\/span><\/p>\n<h3>gl\u00e9capr\u00e9vir + pibrentasvir<\/h3>\n<p><span class='folia-referentie-nummer folia-referentie-tekst' style='font-family:;' lang='FR-BE'>1<\/span><span class='folia-referentie-tekst' style='font-family:;' lang='FR-BE'>. Maviret\u00ae. R\u00e9sum\u00e9 des Caract\u00e9ristiques du Produit. Consult\u00e9 le 19 ao\u00fbt 2026.<\/span><\/p>\n<h3>ruxolitinib<\/h3>\n<p><span class='folia-referentie-nummer folia-referentie-tekst' style='font-family:;' lang='FR-BE'>1<\/span><span class='folia-referentie-tekst' style='font-family:;' lang='FR-BE'>. Opzelura\u00ae. R\u00e9sum\u00e9 des Caract\u00e9ristiques du Produit. Consult\u00e9 le 19 ao\u00fbt 2026.<\/span><\/p>\n<h3>upadacitinib<\/h3>\n<p><span class='folia-referentie-nummer folia-referentie-tekst' style='font-family:;' lang='FR-BE'>1<\/span><span class='folia-referentie-tekst' style='font-family:;' lang='FR-BE'>. Rinvoq\u00ae. R\u00e9sum\u00e9 des Caract\u00e9ristiques du Produit. Consult\u00e9 le 19 ao\u00fbt 2026.<\/span><\/p>\n","protected":false},"excerpt":{"rendered":"<p>.Nouvelles formes&nbsp; &nbsp; \u2022 anifrolumab (Saphnelo\u00ae) : lupus \u00e9ryth\u00e9mateux syst\u00e9mique&nbsp;  [&#8230;]<\/p>\n","protected":false},"author":9,"featured_media":0,"comment_status":"closed","ping_status":"open","sticky":false,"template":"","format":"standard","meta":{"footnotes":""},"categories":[12,20356],"tags":[20213],"class_list":["post-191658","post","type-post","status-publish","format-standard","hentry","category-actualites","category-2026-fr","tag-import_tags"],"_links":{"self":[{"href":"https:\/\/www.cbip.be\/fr\/wp-json\/wp\/v2\/posts\/191658","targetHints":{"allow":["GET"]}}],"collection":[{"href":"https:\/\/www.cbip.be\/fr\/wp-json\/wp\/v2\/posts"}],"about":[{"href":"https:\/\/www.cbip.be\/fr\/wp-json\/wp\/v2\/types\/post"}],"author":[{"embeddable":true,"href":"https:\/\/www.cbip.be\/fr\/wp-json\/wp\/v2\/users\/9"}],"replies":[{"embeddable":true,"href":"https:\/\/www.cbip.be\/fr\/wp-json\/wp\/v2\/comments?post=191658"}],"version-history":[{"count":0,"href":"https:\/\/www.cbip.be\/fr\/wp-json\/wp\/v2\/posts\/191658\/revisions"}],"wp:attachment":[{"href":"https:\/\/www.cbip.be\/fr\/wp-json\/wp\/v2\/media?parent=191658"}],"wp:term":[{"taxonomy":"category","embeddable":true,"href":"https:\/\/www.cbip.be\/fr\/wp-json\/wp\/v2\/categories?post=191658"},{"taxonomy":"post_tag","embeddable":true,"href":"https:\/\/www.cbip.be\/fr\/wp-json\/wp\/v2\/tags?post=191658"}],"curies":[{"name":"wp","href":"https:\/\/api.w.org\/{rel}","templated":true}]}}